{"id":920,"date":"2025-03-24T23:12:38","date_gmt":"2025-03-24T23:12:38","guid":{"rendered":"https:\/\/diariodigitalcorrientes.com\/?p=920"},"modified":"2025-03-24T23:12:39","modified_gmt":"2025-03-24T23:12:39","slug":"bebe-de-dos-meses-dormia-con-sus-padres-y-murio-asfixiado","status":"publish","type":"post","link":"https:\/\/diariodigitalcorrientes.com\/index.php\/2025\/03\/24\/bebe-de-dos-meses-dormia-con-sus-padres-y-murio-asfixiado\/","title":{"rendered":"BEB\u00c9 DE DOS MESES DORM\u00cdA CON SUS PADRES Y MURI\u00d3 ASFIXIADO"},"content":{"rendered":"\n<p>Ocurri\u00f3 el domingo por la ma\u00f1ana en Posadas, Misiones. El menor\u00a0habr\u00eda quedado atrapado entre dos colchones de una plaza. Se esperan los resultados de la autopsia para confirmar los motivos de su muerte<br>\u00a0<a rel=\"noreferrer noopener\" href=\"https:\/\/www.facebook.com\/sharer.php?u=https%3A%2F%2Fwww.radiosudamericana.com%2Fnota%2Fpoliciales%2F324343-Bebe-de-dos-meses-dormia-con-sus-padres-y-murio-asfixiado.htm\" target=\"_blank\"><\/a><\/p>\n\n\n\n<h5 class=\"wp-block-heading\"><strong>FOTO ILUSTRATIVA<\/strong><\/h5>\n\n\n\n<p>Un fat\u00eddico hecho ocurri\u00f3 en la localidad misionera de Posadas, donde un beb\u00e9 de dos meses de edad muri\u00f3 asfixiado mientras dorm\u00eda con sus padres. La tragedia fue reportada este domingo alrededor de las 10 de la ma\u00f1ana, cuando un joven de 21 a\u00f1os llam\u00f3 a emergencias informando que su hijo se encontraba sin vida.<\/p>\n\n\n\n<p>Una ambulancia lleg\u00f3 r\u00e1pidamente al lugar, ubicado en el barrio Alberto Fern\u00e1ndez, y constat\u00f3 el deceso del menor. Las primeras pericias sugieren que la causa de la muerte fue asfixia, ocurrida mientras el beb\u00e9 dorm\u00eda entre los colchones de una cama de dos plazas. Al parecer, el ni\u00f1o qued\u00f3 atrapado sin que sus padres lo notaran.<\/p>\n\n\n\n<p>La madre, una menor de 15 a\u00f1os, fue quien descubri\u00f3 que su hijo no respiraba cuando intent\u00f3 despertarlo. Seg\u00fan testimonios de los vecinos, el padre era quien atend\u00eda principalmente las necesidades del beb\u00e9, mientras que la madre, seg\u00fan algunos, ten\u00eda antecedentes de consumo de estupefacientes y en varias ocasiones hab\u00eda dejado al beb\u00e9 al cuidado del padre.<\/p>\n\n\n\n<p>Aunque los padres fueron sometidos a un test de alcoholemia, que result\u00f3 negativo, la pareja fue asistida por un gabinete especializado. Tambi\u00e9n se esperan los resultados de los ex\u00e1menes toxicol\u00f3gicos.&nbsp;<\/p>\n\n\n\n<p>En tanto, el juez de Instrucci\u00f3n N\u00ba6, Ricardo Balor, orden\u00f3 una autopsia al cuerpo del beb\u00e9 para esclarecer las causas de la muerte, mientras que la causa permanece caratulada como &#8220;muerte dudosa&#8221;.<\/p>\n","protected":false},"excerpt":{"rendered":"<p>Ocurri\u00f3 el domingo por la ma\u00f1ana en Posadas, Misiones. El menor\u00a0habr\u00eda quedado atrapado entre dos [&hellip;]<\/p>\n","protected":false},"author":1,"featured_media":921,"comment_status":"open","ping_status":"open","sticky":false,"template":"","format":"standard","meta":{"footnotes":""},"categories":[1],"tags":[],"_links":{"self":[{"href":"https:\/\/diariodigitalcorrientes.com\/index.php\/wp-json\/wp\/v2\/posts\/920"}],"collection":[{"href":"https:\/\/diariodigitalcorrientes.com\/index.php\/wp-json\/wp\/v2\/posts"}],"about":[{"href":"https:\/\/diariodigitalcorrientes.com\/index.php\/wp-json\/wp\/v2\/types\/post"}],"author":[{"embeddable":true,"href":"https:\/\/diariodigitalcorrientes.com\/index.php\/wp-json\/wp\/v2\/users\/1"}],"replies":[{"embeddable":true,"href":"https:\/\/diariodigitalcorrientes.com\/index.php\/wp-json\/wp\/v2\/comments?post=920"}],"version-history":[{"count":1,"href":"https:\/\/diariodigitalcorrientes.com\/index.php\/wp-json\/wp\/v2\/posts\/920\/revisions"}],"predecessor-version":[{"id":922,"href":"https:\/\/diariodigitalcorrientes.com\/index.php\/wp-json\/wp\/v2\/posts\/920\/revisions\/922"}],"wp:featuredmedia":[{"embeddable":true,"href":"https:\/\/diariodigitalcorrientes.com\/index.php\/wp-json\/wp\/v2\/media\/921"}],"wp:attachment":[{"href":"https:\/\/diariodigitalcorrientes.com\/index.php\/wp-json\/wp\/v2\/media?parent=920"}],"wp:term":[{"taxonomy":"category","embeddable":true,"href":"https:\/\/diariodigitalcorrientes.com\/index.php\/wp-json\/wp\/v2\/categories?post=920"},{"taxonomy":"post_tag","embeddable":true,"href":"https:\/\/diariodigitalcorrientes.com\/index.php\/wp-json\/wp\/v2\/tags?post=920"}],"curies":[{"name":"wp","href":"https:\/\/api.w.org\/{rel}","templated":true}]}}