{"id":1168,"date":"2026-03-16T20:34:30","date_gmt":"2026-03-16T20:34:30","guid":{"rendered":"https:\/\/diariodigitalcorrientes.com\/?p=1168"},"modified":"2026-03-16T20:34:31","modified_gmt":"2026-03-16T20:34:31","slug":"rige-alerta-por-fuertes-tormentas-en-varias-localidades-de-corrientes","status":"publish","type":"post","link":"https:\/\/diariodigitalcorrientes.com\/index.php\/2026\/03\/16\/rige-alerta-por-fuertes-tormentas-en-varias-localidades-de-corrientes\/","title":{"rendered":"RIGE ALERTA POR FUERTES TORMENTAS EN VARIAS LOCALIDADES DE CORRIENTES"},"content":{"rendered":"\n<p>El Servicio Meteorol\u00f3gico Nacional (SMN) emiti\u00f3\u00a0 alerta amarilla por tormentas, lluvias y hasta vientos fuertes para varias localidades del interior de la provincia de Corrientes, durante la jornada de este lunes.<\/p>\n\n\n\n<p>De acuerdo con el \u00faltimo informe meteorol\u00f3gico, del organismo nacional el \u00e1rea ser\u00e1 afectada por tormentas aisladas de variada intensidad, algunas localmente fuertes.<\/p>\n\n\n\n<p>Las mismas estar\u00e1n acompa\u00f1adas por tormentas de variada intensidad, algunas localmente fuertes.<\/p>\n\n\n\n<p>Las mismas estar\u00e1n acompa\u00f1adas por lluvias abundantes en cortos per\u00edodos, actividad el\u00e9ctrica frecuente, ocasional granizo y r\u00e1fagas que pueden superar los 70 km\/h.<\/p>\n\n\n\n<p>Se prev\u00e9n valores de precipitaci\u00f3n acumulada entre 25 y 50 mm, que pueden ser superados de manera puntual.<\/p>\n\n\n\n<p>Localidades afectadas:\u00a0<strong>General Alvear &#8211; Paso de los Libres &#8211; San Mart\u00edn &#8211; Santo Tom\u00e9 -Ituzaing\u00f3 &#8211; San Miguel.\u00a0<\/strong><\/p>\n\n\n\n<h2 class=\"wp-block-heading\"><strong>RECOMENDACIONES<\/strong><br><strong>Amarillo:<\/strong><\/h2>\n\n\n\n<p>1- Evit\u00e1 salir.<\/p>\n\n\n\n<p>2- No saques la basura y limpi\u00e1 desag\u00fces y sumideros.<\/p>\n\n\n\n<p>3- Desconect\u00e1 los electrodom\u00e9sticos y cort\u00e1 el suministro el\u00e9ctrico si ingresa agua<\/p>\n\n\n\n<p>4- Cerr\u00e1 y alejate de puertas y ventanas.<\/p>\n\n\n\n<p>5- Retir\u00e1 o asegur\u00e1 objetos que puedan ser arrastrados por el viento.<\/p>\n\n\n\n<p>6- Si est\u00e1s al aire libre, busc\u00e1 refugio inmediato en un edificio, casa o veh\u00edculo cerrado.<\/p>\n","protected":false},"excerpt":{"rendered":"<p>El Servicio Meteorol\u00f3gico Nacional (SMN) emiti\u00f3\u00a0 alerta amarilla por tormentas, lluvias y hasta vientos fuertes [&hellip;]<\/p>\n","protected":false},"author":1,"featured_media":1169,"comment_status":"open","ping_status":"open","sticky":false,"template":"","format":"standard","meta":{"footnotes":""},"categories":[1],"tags":[],"_links":{"self":[{"href":"https:\/\/diariodigitalcorrientes.com\/index.php\/wp-json\/wp\/v2\/posts\/1168"}],"collection":[{"href":"https:\/\/diariodigitalcorrientes.com\/index.php\/wp-json\/wp\/v2\/posts"}],"about":[{"href":"https:\/\/diariodigitalcorrientes.com\/index.php\/wp-json\/wp\/v2\/types\/post"}],"author":[{"embeddable":true,"href":"https:\/\/diariodigitalcorrientes.com\/index.php\/wp-json\/wp\/v2\/users\/1"}],"replies":[{"embeddable":true,"href":"https:\/\/diariodigitalcorrientes.com\/index.php\/wp-json\/wp\/v2\/comments?post=1168"}],"version-history":[{"count":1,"href":"https:\/\/diariodigitalcorrientes.com\/index.php\/wp-json\/wp\/v2\/posts\/1168\/revisions"}],"predecessor-version":[{"id":1170,"href":"https:\/\/diariodigitalcorrientes.com\/index.php\/wp-json\/wp\/v2\/posts\/1168\/revisions\/1170"}],"wp:featuredmedia":[{"embeddable":true,"href":"https:\/\/diariodigitalcorrientes.com\/index.php\/wp-json\/wp\/v2\/media\/1169"}],"wp:attachment":[{"href":"https:\/\/diariodigitalcorrientes.com\/index.php\/wp-json\/wp\/v2\/media?parent=1168"}],"wp:term":[{"taxonomy":"category","embeddable":true,"href":"https:\/\/diariodigitalcorrientes.com\/index.php\/wp-json\/wp\/v2\/categories?post=1168"},{"taxonomy":"post_tag","embeddable":true,"href":"https:\/\/diariodigitalcorrientes.com\/index.php\/wp-json\/wp\/v2\/tags?post=1168"}],"curies":[{"name":"wp","href":"https:\/\/api.w.org\/{rel}","templated":true}]}}