{"id":1162,"date":"2026-03-16T20:31:49","date_gmt":"2026-03-16T20:31:49","guid":{"rendered":"https:\/\/diariodigitalcorrientes.com\/?p=1162"},"modified":"2026-03-16T20:32:57","modified_gmt":"2026-03-16T20:32:57","slug":"susto-ancla-de-barcaza-provoco-el-movimiento-del-centro-cultural","status":"publish","type":"post","link":"https:\/\/diariodigitalcorrientes.com\/index.php\/2026\/03\/16\/susto-ancla-de-barcaza-provoco-el-movimiento-del-centro-cultural\/","title":{"rendered":"SUSTO: ANCLA DE BARCAZA PROVOC\u00d3 EL MOVIMIENTO DEL CENTRO CULTURAL"},"content":{"rendered":"\n<p>El hecho ocurri\u00f3 en la ma\u00f1ana de este lunes y gener\u00f3 preocupaci\u00f3n en las personas que se encontraban en el&nbsp;lugar.&nbsp;El Centro Cultural Flotante &#8220;Siete Corrientes&#8221;, est\u00e1 ubicado en la intersecci\u00f3n de la calle &nbsp;La Rioja, Av. Costanera Gral. San Mart\u00edn<audio src=\"https:\/\/www.radiosudamericana.com\/notix\/multimedia\/audios\/2026-03-16\/717856.mp3\"><\/audio><\/p>\n\n\n\n<p>El hecho ocurri\u00f3 en la ma\u00f1ana de este lunes y gener\u00f3 preocupaci\u00f3n en las personas que se encontraban en lugar.<\/p>\n\n\n\n<p>El cronista de Radio Sudamericana inform\u00f3 que en la ma\u00f1ana de este lunes,&nbsp;<strong>el ancla de una barcaza<\/strong>&nbsp;provoc\u00f3 el movimiento del Centro cultural Flotante de la ciudad de Corrientes.<\/p>\n\n\n\n<p>Si bien no genero da\u00f1os importantes en la estructura del lugar, caus\u00f3 alarma en las personas que se encontraba en ese momento en el&nbsp;<strong>Centro Cultural Flotante &#8220;Siete Corrientes&#8221;.<\/strong><\/p>\n\n\n\n<p><a href=\"https:\/\/www.radiosudamericana.com\/notix\/multimedia\/imagenes\/fotos\/2026-03-16\/751246.jpg\"><\/a><\/p>\n","protected":false},"excerpt":{"rendered":"<p>El hecho ocurri\u00f3 en la ma\u00f1ana de este lunes y gener\u00f3 preocupaci\u00f3n en las personas [&hellip;]<\/p>\n","protected":false},"author":1,"featured_media":1166,"comment_status":"open","ping_status":"open","sticky":false,"template":"","format":"standard","meta":{"footnotes":""},"categories":[1],"tags":[],"_links":{"self":[{"href":"https:\/\/diariodigitalcorrientes.com\/index.php\/wp-json\/wp\/v2\/posts\/1162"}],"collection":[{"href":"https:\/\/diariodigitalcorrientes.com\/index.php\/wp-json\/wp\/v2\/posts"}],"about":[{"href":"https:\/\/diariodigitalcorrientes.com\/index.php\/wp-json\/wp\/v2\/types\/post"}],"author":[{"embeddable":true,"href":"https:\/\/diariodigitalcorrientes.com\/index.php\/wp-json\/wp\/v2\/users\/1"}],"replies":[{"embeddable":true,"href":"https:\/\/diariodigitalcorrientes.com\/index.php\/wp-json\/wp\/v2\/comments?post=1162"}],"version-history":[{"count":2,"href":"https:\/\/diariodigitalcorrientes.com\/index.php\/wp-json\/wp\/v2\/posts\/1162\/revisions"}],"predecessor-version":[{"id":1167,"href":"https:\/\/diariodigitalcorrientes.com\/index.php\/wp-json\/wp\/v2\/posts\/1162\/revisions\/1167"}],"wp:featuredmedia":[{"embeddable":true,"href":"https:\/\/diariodigitalcorrientes.com\/index.php\/wp-json\/wp\/v2\/media\/1166"}],"wp:attachment":[{"href":"https:\/\/diariodigitalcorrientes.com\/index.php\/wp-json\/wp\/v2\/media?parent=1162"}],"wp:term":[{"taxonomy":"category","embeddable":true,"href":"https:\/\/diariodigitalcorrientes.com\/index.php\/wp-json\/wp\/v2\/categories?post=1162"},{"taxonomy":"post_tag","embeddable":true,"href":"https:\/\/diariodigitalcorrientes.com\/index.php\/wp-json\/wp\/v2\/tags?post=1162"}],"curies":[{"name":"wp","href":"https:\/\/api.w.org\/{rel}","templated":true}]}}