{"id":1159,"date":"2026-03-16T20:30:57","date_gmt":"2026-03-16T20:30:57","guid":{"rendered":"https:\/\/diariodigitalcorrientes.com\/?p=1159"},"modified":"2026-03-16T20:30:58","modified_gmt":"2026-03-16T20:30:58","slug":"milei-tarde-o-temprano-se-va-a-acelerar-el-crecimiento-y-va-a-caer-la-inflacion","status":"publish","type":"post","link":"https:\/\/diariodigitalcorrientes.com\/index.php\/2026\/03\/16\/milei-tarde-o-temprano-se-va-a-acelerar-el-crecimiento-y-va-a-caer-la-inflacion\/","title":{"rendered":"MILEI: &#8220;TARDE O TEMPRANO SE VA A ACELERAR EL CRECIMIENTO Y VA A CAER LA INFLACI\u00d3N&#8221;"},"content":{"rendered":"\n<p>El Presidente defendi\u00f3 su programa, dijo que no har\u00e1 cambios y resalt\u00f3 la disminuci\u00f3n de la pobreza. Se mostr\u00f3 junto a Manuel Adorni en medio de los cuestionamientos por sus viajes a Estados Unidos y Punta del Este.<\/p>\n\n\n\n<p><strong>Javier Milei\u00a0<\/strong>present\u00f3 su\u00a0<strong>programa econ\u00f3mico<\/strong>\u00a0en la\u00a0Bolsa de Comercio de C\u00f3rdoba.\u00a0Viaj\u00f3 con Manuel Adorni y Karina Milei, en un gesto de respaldo hacia el jefe de Gabinete, que fue cuestionado por sus viajes a Estados Unidos y Punta del Este. En su discurso, el Presidente defendi\u00f3 su proyecto y apunt\u00f3 contra la gesti\u00f3n anterior.<\/p>\n\n\n\n<p>\u201cIbamos a ir a una hiperinflaci\u00f3n del 15.000% anual.&nbsp;<strong>La inflaci\u00f3n que tenemos es alta, pero venimos del peor lugar del infierno<\/strong>&#8220;, sostuvo. Y adelant\u00f3:&nbsp;<strong>\u201cSeguimos convencidos de que en agosto la inflaci\u00f3n podr\u00eda empezar con cero\u201d<\/strong>.<\/p>\n\n\n\n<p>\u201cNo voy a modificar la forma de hacer pol\u00edtica econ\u00f3mica. \u00bfPorque salt\u00f3 la tasa de inflaci\u00f3n vamos a aplicar controles de precios? \u00bfVamos a violentar la libertad?&nbsp;<strong>Voy a seguir haciendo las cosas bien,&nbsp;tarde o temprano vamos a derrotar la inflaci\u00f3n<\/strong>\u201c, asegur\u00f3.<\/p>\n\n\n\n<p>Tambi\u00e9n cuestion\u00f3 a la oposici\u00f3n y afirm\u00f3: \u201cEllos dicen ser altruistas y todas las cosas que prometen son falsas, pero seductoras para el o\u00eddo humano\u201d.<\/p>\n\n\n\n<p>En otro tramo de su exposici\u00f3n, se refiri\u00f3 a la evoluci\u00f3n de la pobreza en el pa\u00eds. \u201c<strong>Despu\u00e9s de ocho a\u00f1os,&nbsp;tenemos los niveles de pobreza m\u00e1s bajos.<\/strong>&nbsp;Es un espanto tener pobreza, pero, cuando llegamos, el Indec mostraba el 41% y era falso ese n\u00famero. Cuando sinceramos lo que pasaba, estaba en el 51%. De eso lo pasamos al 30%.&nbsp;Hoy hay 15 millones de argentinos que salieron de la pobreza\u201d, advirti\u00f3.<\/p>\n\n\n\n<p>Sobre la situaci\u00f3n econ\u00f3mica, agreg\u00f3: \u201cMuchos dicen que no hay crecimiento, pero d<strong>ebemos mirar Argentina como si fuera un modelo de negocio.<\/strong>&nbsp;Si las condiciones del pa\u00eds generan las oportunidades para que haya negocios, habr\u00e1 inversi\u00f3n y crecimiento.&nbsp;Eso traer\u00e1 mayor productividad, mejores salarios, menos pobres, menos indigentes, y mejorar\u00e1 la vida de los argentinos\u201d.<\/p>\n\n\n\n<p>Por \u00faltimo, sostuvo: \u201c<strong>Argentina tiene muchos sectores que est\u00e1n en crecimiento,<\/strong>&nbsp;pero es cierto que hay sectores que se contraen. Lo que hay que entender es que, si nos jactamos de ser el gobierno m\u00e1s reformista, es una idiotez creer que uno puede crecer todo balanceado\u201d.<\/p>\n","protected":false},"excerpt":{"rendered":"<p>El Presidente defendi\u00f3 su programa, dijo que no har\u00e1 cambios y resalt\u00f3 la disminuci\u00f3n de [&hellip;]<\/p>\n","protected":false},"author":1,"featured_media":1160,"comment_status":"open","ping_status":"open","sticky":false,"template":"","format":"standard","meta":{"footnotes":""},"categories":[1],"tags":[],"_links":{"self":[{"href":"https:\/\/diariodigitalcorrientes.com\/index.php\/wp-json\/wp\/v2\/posts\/1159"}],"collection":[{"href":"https:\/\/diariodigitalcorrientes.com\/index.php\/wp-json\/wp\/v2\/posts"}],"about":[{"href":"https:\/\/diariodigitalcorrientes.com\/index.php\/wp-json\/wp\/v2\/types\/post"}],"author":[{"embeddable":true,"href":"https:\/\/diariodigitalcorrientes.com\/index.php\/wp-json\/wp\/v2\/users\/1"}],"replies":[{"embeddable":true,"href":"https:\/\/diariodigitalcorrientes.com\/index.php\/wp-json\/wp\/v2\/comments?post=1159"}],"version-history":[{"count":1,"href":"https:\/\/diariodigitalcorrientes.com\/index.php\/wp-json\/wp\/v2\/posts\/1159\/revisions"}],"predecessor-version":[{"id":1161,"href":"https:\/\/diariodigitalcorrientes.com\/index.php\/wp-json\/wp\/v2\/posts\/1159\/revisions\/1161"}],"wp:featuredmedia":[{"embeddable":true,"href":"https:\/\/diariodigitalcorrientes.com\/index.php\/wp-json\/wp\/v2\/media\/1160"}],"wp:attachment":[{"href":"https:\/\/diariodigitalcorrientes.com\/index.php\/wp-json\/wp\/v2\/media?parent=1159"}],"wp:term":[{"taxonomy":"category","embeddable":true,"href":"https:\/\/diariodigitalcorrientes.com\/index.php\/wp-json\/wp\/v2\/categories?post=1159"},{"taxonomy":"post_tag","embeddable":true,"href":"https:\/\/diariodigitalcorrientes.com\/index.php\/wp-json\/wp\/v2\/tags?post=1159"}],"curies":[{"name":"wp","href":"https:\/\/api.w.org\/{rel}","templated":true}]}}