{"id":1155,"date":"2026-03-16T20:25:46","date_gmt":"2026-03-16T20:25:46","guid":{"rendered":"https:\/\/diariodigitalcorrientes.com\/?p=1155"},"modified":"2026-03-16T20:25:47","modified_gmt":"2026-03-16T20:25:47","slug":"condenaron-a-23-anos-de-prision-al-joven-que-mato-a-kim-gomez-en-la-plata","status":"publish","type":"post","link":"https:\/\/diariodigitalcorrientes.com\/index.php\/2026\/03\/16\/condenaron-a-23-anos-de-prision-al-joven-que-mato-a-kim-gomez-en-la-plata\/","title":{"rendered":"CONDENARON A 23 A\u00d1OS DE PRISI\u00d3N AL JOVEN QUE MAT\u00d3 A KIM G\u00d3MEZ EN LA PLATA"},"content":{"rendered":"\n<p>Un jurado popular ya lo hab\u00eda encontrado responsable por la muerte de la nena de 7 a\u00f1os. Hoy se conoci\u00f3 la pena en su contra. \u00a0<\/p>\n\n\n\n<p>El Tribunal de Responsabilidad Penal Juvenil N\u00b0 1 de La Plata conden\u00f3&nbsp;a 23 a\u00f1os y 4 meses de prisi\u00f3n al joven que mat\u00f3 a&nbsp;Kim G\u00f3mez&nbsp;(7) durante un robo ocurrido en La Plata.<\/p>\n\n\n\n<p>Los jueces&nbsp;Marcelo Giorgis, Juan Carlos Estrada y Guillermo Mercenaro&nbsp;dieron por probado que el joven tuvo responsabilidad penal en el hecho ocurrido el 25 de febrero de 2025.<\/p>\n\n\n\n<p>Si bien el 4 de marzo ya hab\u00eda sido encontrado culpable del hecho, hoy el tribunal dio a conocer la pena para el joven.<\/p>\n\n\n\n<p>Tob\u00edas Godoy, que tiene 18 a\u00f1os, fue considerado como&nbsp;coautor penalmente responsable del delito de homicidio en ocasi\u00f3n de robo.<\/p>\n","protected":false},"excerpt":{"rendered":"<p>Un jurado popular ya lo hab\u00eda encontrado responsable por la muerte de la nena de [&hellip;]<\/p>\n","protected":false},"author":1,"featured_media":1156,"comment_status":"open","ping_status":"open","sticky":false,"template":"","format":"standard","meta":{"footnotes":""},"categories":[1],"tags":[],"_links":{"self":[{"href":"https:\/\/diariodigitalcorrientes.com\/index.php\/wp-json\/wp\/v2\/posts\/1155"}],"collection":[{"href":"https:\/\/diariodigitalcorrientes.com\/index.php\/wp-json\/wp\/v2\/posts"}],"about":[{"href":"https:\/\/diariodigitalcorrientes.com\/index.php\/wp-json\/wp\/v2\/types\/post"}],"author":[{"embeddable":true,"href":"https:\/\/diariodigitalcorrientes.com\/index.php\/wp-json\/wp\/v2\/users\/1"}],"replies":[{"embeddable":true,"href":"https:\/\/diariodigitalcorrientes.com\/index.php\/wp-json\/wp\/v2\/comments?post=1155"}],"version-history":[{"count":1,"href":"https:\/\/diariodigitalcorrientes.com\/index.php\/wp-json\/wp\/v2\/posts\/1155\/revisions"}],"predecessor-version":[{"id":1157,"href":"https:\/\/diariodigitalcorrientes.com\/index.php\/wp-json\/wp\/v2\/posts\/1155\/revisions\/1157"}],"wp:featuredmedia":[{"embeddable":true,"href":"https:\/\/diariodigitalcorrientes.com\/index.php\/wp-json\/wp\/v2\/media\/1156"}],"wp:attachment":[{"href":"https:\/\/diariodigitalcorrientes.com\/index.php\/wp-json\/wp\/v2\/media?parent=1155"}],"wp:term":[{"taxonomy":"category","embeddable":true,"href":"https:\/\/diariodigitalcorrientes.com\/index.php\/wp-json\/wp\/v2\/categories?post=1155"},{"taxonomy":"post_tag","embeddable":true,"href":"https:\/\/diariodigitalcorrientes.com\/index.php\/wp-json\/wp\/v2\/tags?post=1155"}],"curies":[{"name":"wp","href":"https:\/\/api.w.org\/{rel}","templated":true}]}}