{"id":1152,"date":"2026-03-16T20:24:49","date_gmt":"2026-03-16T20:24:49","guid":{"rendered":"https:\/\/diariodigitalcorrientes.com\/?p=1152"},"modified":"2026-03-16T20:24:50","modified_gmt":"2026-03-16T20:24:50","slug":"multiple-choque-en-cadena-sobre-ruta-11-involucro-a-cinco-vehiculos","status":"publish","type":"post","link":"https:\/\/diariodigitalcorrientes.com\/index.php\/2026\/03\/16\/multiple-choque-en-cadena-sobre-ruta-11-involucro-a-cinco-vehiculos\/","title":{"rendered":"M\u00daLTIPLE CHOQUE EN CADENA SOBRE RUTA 11 INVOLUCR\u00d3 A CINCO VEH\u00cdCULOS"},"content":{"rendered":"\n<p>Un accidente de tr\u00e1nsito se produjo en la tarde de este lunes en la intersecci\u00f3n de la Ruta Nacional 11 y la calle Aar\u00f3n de Anchorena de la ciudad de Resistencia. El siniestro, ocurrido minutos despu\u00e9s de las 15, consisti\u00f3 en una colisi\u00f3n en cadena que afect\u00f3 a un transporte de carga y cuatro veh\u00edculos particulares.<\/p>\n\n\n\n<p>Agentes de la Comisar\u00eda Und\u00e9cima acudieron al incidente vial en Ruta Nacional 11 y la calle Aar\u00f3n de Anchorena de la capital chaque\u00f1a e&nbsp;informaron que los veh\u00edculos involucrados fueron un<strong>&nbsp;cami\u00f3n Iveco, una camioneta Toyota Hilux y tres autom\u00f3viles (un Volkswagen y dos Renault Sandero)<\/strong>. En los rodados viajaban personas oriundas de distintas localidades, entre ellas&nbsp;<strong>Villa Ocampo, Reconquista, Avellaneda (Santa Fe)<\/strong>&nbsp;y residentes locales.<\/p>\n\n\n\n<p><strong>Seguir Leyendo<\/strong><\/p>\n\n\n\n<p>A pesar de la magnitud del choque y la cantidad de ocupantes \u2014entre ellos personas de avanzada edad\u2014,&nbsp;<strong>el equipo m\u00e9dico que lleg\u00f3 al lugar en ambulancia confirm\u00f3 que no se registraron heridos de gravedad.<\/strong>&nbsp;Los profesionales de la salud asistieron a los part\u00edcipes en el sitio, constatando que solo sufrieron lesiones menores y el impacto emocional del accidente.<\/p>\n\n\n\n<p>En el lugar trabajaron efectivos de la Divisi\u00f3n Criminal\u00edstica para realizar las pericias correspondientes, personal de Bomberos Voluntarios de la Zona Sur y agentes de la Direcci\u00f3n General de Polic\u00eda Caminera<strong>, quienes colaboraron con la regulaci\u00f3n del tr\u00e1nsito para evitar nuevos incidentes.<\/strong><\/p>\n","protected":false},"excerpt":{"rendered":"<p>Un accidente de tr\u00e1nsito se produjo en la tarde de este lunes en la intersecci\u00f3n [&hellip;]<\/p>\n","protected":false},"author":1,"featured_media":1153,"comment_status":"open","ping_status":"open","sticky":false,"template":"","format":"standard","meta":{"footnotes":""},"categories":[1],"tags":[],"_links":{"self":[{"href":"https:\/\/diariodigitalcorrientes.com\/index.php\/wp-json\/wp\/v2\/posts\/1152"}],"collection":[{"href":"https:\/\/diariodigitalcorrientes.com\/index.php\/wp-json\/wp\/v2\/posts"}],"about":[{"href":"https:\/\/diariodigitalcorrientes.com\/index.php\/wp-json\/wp\/v2\/types\/post"}],"author":[{"embeddable":true,"href":"https:\/\/diariodigitalcorrientes.com\/index.php\/wp-json\/wp\/v2\/users\/1"}],"replies":[{"embeddable":true,"href":"https:\/\/diariodigitalcorrientes.com\/index.php\/wp-json\/wp\/v2\/comments?post=1152"}],"version-history":[{"count":1,"href":"https:\/\/diariodigitalcorrientes.com\/index.php\/wp-json\/wp\/v2\/posts\/1152\/revisions"}],"predecessor-version":[{"id":1154,"href":"https:\/\/diariodigitalcorrientes.com\/index.php\/wp-json\/wp\/v2\/posts\/1152\/revisions\/1154"}],"wp:featuredmedia":[{"embeddable":true,"href":"https:\/\/diariodigitalcorrientes.com\/index.php\/wp-json\/wp\/v2\/media\/1153"}],"wp:attachment":[{"href":"https:\/\/diariodigitalcorrientes.com\/index.php\/wp-json\/wp\/v2\/media?parent=1152"}],"wp:term":[{"taxonomy":"category","embeddable":true,"href":"https:\/\/diariodigitalcorrientes.com\/index.php\/wp-json\/wp\/v2\/categories?post=1152"},{"taxonomy":"post_tag","embeddable":true,"href":"https:\/\/diariodigitalcorrientes.com\/index.php\/wp-json\/wp\/v2\/tags?post=1152"}],"curies":[{"name":"wp","href":"https:\/\/api.w.org\/{rel}","templated":true}]}}